{"id":699,"date":"2021-04-05T13:52:41","date_gmt":"2021-04-05T13:52:41","guid":{"rendered":"https:\/\/www.tir-annonay.fr\/?p=699"},"modified":"2021-06-24T21:12:07","modified_gmt":"2021-06-24T21:12:07","slug":"genevieve-tu-vas-nous-manquer","status":"publish","type":"post","link":"https:\/\/www.tir-annonay.fr\/?p=699","title":{"rendered":"Genevi\u00e8ve, tu vas nous manquer&#8230;"},"content":{"rendered":"\n<p><strong>Genevi\u00e8ve FRAISSE<\/strong> nous a quitt\u00e9 \u00e0 l\u2019\u00e2ge de 70 ans. Elle pratiquait le tir sportif depuis plus de 30 ans, en air comprim\u00e9 et en armes anciennes, et se qualifiait r\u00e9guli\u00e8rement pour les championnats de France.<\/p>\n\n\n\n<p>Elle apportait sa gentillesse et son empathie avec assiduit\u00e9 plusieurs fois par semaine au club.<\/p>\n\n\n\n<p>Toutes nos pens\u00e9es vont \u00e0 sa famille et ses proches,<\/p>\n\n\n\n<p>Tu va nous manquer \u00ab&nbsp;Gueuneu&nbsp;\u00bb&#8230;<\/p>\n","protected":false},"excerpt":{"rendered":"<p>Genevi\u00e8ve FRAISSE nous a quitt\u00e9 \u00e0 l\u2019\u00e2ge de 70 ans. Elle pratiquait le tir sportif depuis plus de 30 ans, en air comprim\u00e9 et en armes anciennes, et se qualifiait r\u00e9guli\u00e8rement pour les championnats de France. Elle apportait sa gentillesse et son empathie avec assiduit\u00e9 plusieurs fois par semaine au club. Toutes nos pens\u00e9es vont&hellip; <br \/> <a class=\"read-more\" href=\"https:\/\/www.tir-annonay.fr\/?p=699\">Lire la suite<\/a><\/p>\n","protected":false},"author":3,"featured_media":689,"comment_status":"closed","ping_status":"closed","sticky":false,"template":"","format":"standard","meta":{"footnotes":""},"categories":[1],"tags":[],"class_list":["post-699","post","type-post","status-publish","format-standard","has-post-thumbnail","hentry","category-uncategorized"],"aioseo_notices":[],"_links":{"self":[{"href":"https:\/\/www.tir-annonay.fr\/index.php?rest_route=\/wp\/v2\/posts\/699","targetHints":{"allow":["GET"]}}],"collection":[{"href":"https:\/\/www.tir-annonay.fr\/index.php?rest_route=\/wp\/v2\/posts"}],"about":[{"href":"https:\/\/www.tir-annonay.fr\/index.php?rest_route=\/wp\/v2\/types\/post"}],"author":[{"embeddable":true,"href":"https:\/\/www.tir-annonay.fr\/index.php?rest_route=\/wp\/v2\/users\/3"}],"replies":[{"embeddable":true,"href":"https:\/\/www.tir-annonay.fr\/index.php?rest_route=%2Fwp%2Fv2%2Fcomments&post=699"}],"version-history":[{"count":2,"href":"https:\/\/www.tir-annonay.fr\/index.php?rest_route=\/wp\/v2\/posts\/699\/revisions"}],"predecessor-version":[{"id":720,"href":"https:\/\/www.tir-annonay.fr\/index.php?rest_route=\/wp\/v2\/posts\/699\/revisions\/720"}],"wp:featuredmedia":[{"embeddable":true,"href":"https:\/\/www.tir-annonay.fr\/index.php?rest_route=\/wp\/v2\/media\/689"}],"wp:attachment":[{"href":"https:\/\/www.tir-annonay.fr\/index.php?rest_route=%2Fwp%2Fv2%2Fmedia&parent=699"}],"wp:term":[{"taxonomy":"category","embeddable":true,"href":"https:\/\/www.tir-annonay.fr\/index.php?rest_route=%2Fwp%2Fv2%2Fcategories&post=699"},{"taxonomy":"post_tag","embeddable":true,"href":"https:\/\/www.tir-annonay.fr\/index.php?rest_route=%2Fwp%2Fv2%2Ftags&post=699"}],"curies":[{"name":"wp","href":"https:\/\/api.w.org\/{rel}","templated":true}]}}