{"id":1893,"date":"2026-04-02T21:23:05","date_gmt":"2026-04-02T21:23:05","guid":{"rendered":"https:\/\/www.tir-annonay.fr\/?p=1893"},"modified":"2026-04-02T21:52:31","modified_gmt":"2026-04-02T21:52:31","slug":"championnat-regional-ecole-de-tir","status":"publish","type":"post","link":"https:\/\/www.tir-annonay.fr\/?p=1893","title":{"rendered":"Championnat R\u00e9gional Ecole de Tir"},"content":{"rendered":"\n<p>Le samedi 28 mars, nos 2 jeunes qualifi\u00e9s ont d\u00e9fendu les couleurs du Club en carabine lors du Championnat R\u00e9gional de la Ligue Dauphin\u00e9-Savoie \u00e0 Beaumont les Valence. Tous les deux se classent 14\u00e8me chacun dans sa cat\u00e9gorie: <strong>Martin CHENEVIER<\/strong> en Benjamins, et <strong>Teodor GAVRA<\/strong> en Poussins.<\/p>\n\n\n\n<p class=\"has-vivid-purple-color has-text-color has-link-color has-medium-font-size wp-elements-7fabddda70faddbb90620f4b90561c96\"><strong>Bravo \u00e0 tous les deux!<\/strong><\/p>\n\n\n\n<p><em>Retrouvez les r\u00e9sultats complets en page \u00ab\u00a0<a href=\"https:\/\/www.tir-annonay.fr\/?page_id=374\" target=\"_blank\" rel=\"noopener\" title=\"\">R\u00e9sultats<\/a>\u00ab\u00a0.<\/em><\/p>\n\n\n\n<figure class=\"wp-block-image size-full\"><img loading=\"lazy\" decoding=\"async\" width=\"875\" height=\"741\" src=\"https:\/\/www.tir-annonay.fr\/wp-content\/uploads\/2026\/04\/69ca840d80b93_20.jpg\" alt=\"\" class=\"wp-image-1892\" srcset=\"https:\/\/www.tir-annonay.fr\/wp-content\/uploads\/2026\/04\/69ca840d80b93_20.jpg 875w, https:\/\/www.tir-annonay.fr\/wp-content\/uploads\/2026\/04\/69ca840d80b93_20-300x254.jpg 300w, https:\/\/www.tir-annonay.fr\/wp-content\/uploads\/2026\/04\/69ca840d80b93_20-768x650.jpg 768w\" sizes=\"auto, (max-width: 875px) 100vw, 875px\" \/><\/figure>\n\n\n\n<figure class=\"wp-block-image size-full\"><img loading=\"lazy\" decoding=\"async\" width=\"900\" height=\"640\" src=\"https:\/\/www.tir-annonay.fr\/wp-content\/uploads\/2026\/04\/69ca840c9d030_18.jpg\" alt=\"\" class=\"wp-image-1891\" srcset=\"https:\/\/www.tir-annonay.fr\/wp-content\/uploads\/2026\/04\/69ca840c9d030_18.jpg 900w, https:\/\/www.tir-annonay.fr\/wp-content\/uploads\/2026\/04\/69ca840c9d030_18-300x213.jpg 300w, https:\/\/www.tir-annonay.fr\/wp-content\/uploads\/2026\/04\/69ca840c9d030_18-768x546.jpg 768w\" sizes=\"auto, (max-width: 900px) 100vw, 900px\" \/><\/figure>\n","protected":false},"excerpt":{"rendered":"<p>Le samedi 28 mars, nos 2 jeunes qualifi\u00e9s ont d\u00e9fendu les couleurs du Club en carabine lors du Championnat R\u00e9gional de la Ligue Dauphin\u00e9-Savoie \u00e0 Beaumont les Valence. Tous les deux se classent 14\u00e8me chacun dans sa cat\u00e9gorie: Martin CHENEVIER en Benjamins, et Teodor GAVRA en Poussins. Bravo \u00e0 tous les deux! Retrouvez les r\u00e9sultats&hellip; <br \/> <a class=\"read-more\" href=\"https:\/\/www.tir-annonay.fr\/?p=1893\">Lire la suite<\/a><\/p>\n","protected":false},"author":3,"featured_media":1908,"comment_status":"closed","ping_status":"closed","sticky":false,"template":"","format":"standard","meta":{"footnotes":""},"categories":[16],"tags":[],"class_list":["post-1893","post","type-post","status-publish","format-standard","has-post-thumbnail","hentry","category-competition"],"aioseo_notices":[],"_links":{"self":[{"href":"https:\/\/www.tir-annonay.fr\/index.php?rest_route=\/wp\/v2\/posts\/1893","targetHints":{"allow":["GET"]}}],"collection":[{"href":"https:\/\/www.tir-annonay.fr\/index.php?rest_route=\/wp\/v2\/posts"}],"about":[{"href":"https:\/\/www.tir-annonay.fr\/index.php?rest_route=\/wp\/v2\/types\/post"}],"author":[{"embeddable":true,"href":"https:\/\/www.tir-annonay.fr\/index.php?rest_route=\/wp\/v2\/users\/3"}],"replies":[{"embeddable":true,"href":"https:\/\/www.tir-annonay.fr\/index.php?rest_route=%2Fwp%2Fv2%2Fcomments&post=1893"}],"version-history":[{"count":8,"href":"https:\/\/www.tir-annonay.fr\/index.php?rest_route=\/wp\/v2\/posts\/1893\/revisions"}],"predecessor-version":[{"id":1904,"href":"https:\/\/www.tir-annonay.fr\/index.php?rest_route=\/wp\/v2\/posts\/1893\/revisions\/1904"}],"wp:featuredmedia":[{"embeddable":true,"href":"https:\/\/www.tir-annonay.fr\/index.php?rest_route=\/wp\/v2\/media\/1908"}],"wp:attachment":[{"href":"https:\/\/www.tir-annonay.fr\/index.php?rest_route=%2Fwp%2Fv2%2Fmedia&parent=1893"}],"wp:term":[{"taxonomy":"category","embeddable":true,"href":"https:\/\/www.tir-annonay.fr\/index.php?rest_route=%2Fwp%2Fv2%2Fcategories&post=1893"},{"taxonomy":"post_tag","embeddable":true,"href":"https:\/\/www.tir-annonay.fr\/index.php?rest_route=%2Fwp%2Fv2%2Ftags&post=1893"}],"curies":[{"name":"wp","href":"https:\/\/api.w.org\/{rel}","templated":true}]}}