{"id":1818,"date":"2026-03-04T20:28:04","date_gmt":"2026-03-04T20:28:04","guid":{"rendered":"https:\/\/www.tir-annonay.fr\/?p=1818"},"modified":"2026-03-04T21:00:36","modified_gmt":"2026-03-04T21:00:36","slug":"ecole-de-tir-championnat-departemental","status":"publish","type":"post","link":"https:\/\/www.tir-annonay.fr\/?p=1818","title":{"rendered":"Ecole de Tir 2026"},"content":{"rendered":"\n<h2 class=\"wp-block-heading\">Championnat d\u00e9partemental<\/h2>\n\n\n\n<p>Le&nbsp;<strong>Club de Tir d\u2019Annonay<\/strong>&nbsp;s\u2019est particuli\u00e8rement illustr\u00e9 ce samedi lors du championnat d\u00e9partemental de tir \u00e0 air comprim\u00e9 de l\u2019\u00c9cole de tir, organis\u00e9 \u00e0 Lamastre par le Tir Sportif du Haut-Vivarais.<\/p>\n\n\n\n<p>Les jeunes comp\u00e9titeurs ont port\u00e9 haut les couleurs du club annon\u00e9en en r\u00e9alisant une moisson remarquable de podiums.<\/p>\n\n\n\n<p>Trois \u00e9l\u00e8ves \u00e9taient engag\u00e9s dans diff\u00e9rentes cat\u00e9gories d\u2019\u00e2ge, et tous ont brill\u00e9 par leurs performances.<\/p>\n\n\n\n<p>En cat\u00e9gorie\u00a0Benjamin gar\u00e7on, <strong>Martin CHENEVIER,<\/strong> 11 ans, a r\u00e9alis\u00e9 une prestation exceptionnelle en d\u00e9crochant\u00a0<strong>la 2\u1d49 place au pistolet<\/strong>, mais surtout\u00a0<strong>la 1\u02b3\u1d49 place en carabine<\/strong>, ainsi que\u00a0<strong>la 1\u02b3\u1d49 place au combin\u00e9 pistolet\/carabine<\/strong>, confirmant sa polyvalence et sa ma\u00eetrise technique.<\/p>\n\n\n\n<p>Chez les\u00a0Benjamin filles, <strong>Sacha FIRMIN<\/strong>, \u00e9galement \u00e2g\u00e9e de 11 ans, s\u2019est impos\u00e9e avec autorit\u00e9 en remportant\u00a0<strong>la 1\u02b3\u1d49 place en carabine<\/strong>, d\u00e9montrant un sang-froid et une pr\u00e9cision remarquables pour son jeune \u00e2ge.<\/p>\n\n\n\n<p class=\"has-text-align-left\">Enfin, le plus jeune de la d\u00e9l\u00e9gation, <strong>Teodor GAVRA<\/strong>, 9 ans, engag\u00e9 en cat\u00e9gorie\u00a0Poussin gar\u00e7on, a lui aussi sign\u00e9 une performance de haut niveau en s\u2019adjugeant\u00a0<strong>la 1\u02b3\u1d49 place en carabine<\/strong>, confirmant le potentiel prometteur de la rel\u00e8ve.<\/p>\n\n\n\n<p>Un grand merci \u00e0 leur coach Beno\u00eet Nodin!<\/p>\n\n\n\n<p>La prochaine \u00e9tape pour nos jeunes qui seront qualifi\u00e9s sera le championnat r\u00e9gional \u00e0 Valence les 28-29 mars 2026 \u00e0 Valence.<\/p>\n\n\n\n<figure class=\"wp-block-image size-full\"><img loading=\"lazy\" decoding=\"async\" width=\"775\" height=\"1024\" src=\"https:\/\/www.tir-annonay.fr\/wp-content\/uploads\/2026\/03\/Martin_Sacha_IMG_3329-scaled-e1772656501279-775x1024.jpeg\" alt=\"\" class=\"wp-image-1820\" srcset=\"https:\/\/www.tir-annonay.fr\/wp-content\/uploads\/2026\/03\/Martin_Sacha_IMG_3329-scaled-e1772656501279-775x1024.jpeg 775w, https:\/\/www.tir-annonay.fr\/wp-content\/uploads\/2026\/03\/Martin_Sacha_IMG_3329-scaled-e1772656501279-227x300.jpeg 227w, https:\/\/www.tir-annonay.fr\/wp-content\/uploads\/2026\/03\/Martin_Sacha_IMG_3329-scaled-e1772656501279-768x1015.jpeg 768w, https:\/\/www.tir-annonay.fr\/wp-content\/uploads\/2026\/03\/Martin_Sacha_IMG_3329-scaled-e1772656501279-1163x1536.jpeg 1163w, https:\/\/www.tir-annonay.fr\/wp-content\/uploads\/2026\/03\/Martin_Sacha_IMG_3329-scaled-e1772656501279-1550x2048.jpeg 1550w, https:\/\/www.tir-annonay.fr\/wp-content\/uploads\/2026\/03\/Martin_Sacha_IMG_3329-scaled-e1772656501279-1024x1353.jpeg 1024w, https:\/\/www.tir-annonay.fr\/wp-content\/uploads\/2026\/03\/Martin_Sacha_IMG_3329-scaled-e1772656501279-818x1080.jpeg 818w, https:\/\/www.tir-annonay.fr\/wp-content\/uploads\/2026\/03\/Martin_Sacha_IMG_3329-scaled-e1772656501279.jpeg 1754w\" sizes=\"auto, (max-width: 775px) 100vw, 775px\" \/><\/figure>\n\n\n\n<figure class=\"wp-block-image size-full\"><img loading=\"lazy\" decoding=\"async\" width=\"1170\" height=\"2080\" src=\"https:\/\/www.tir-annonay.fr\/wp-content\/uploads\/2026\/03\/IMG_3331.jpg\" alt=\"\" class=\"wp-image-1822\" srcset=\"https:\/\/www.tir-annonay.fr\/wp-content\/uploads\/2026\/03\/IMG_3331.jpg 1170w, https:\/\/www.tir-annonay.fr\/wp-content\/uploads\/2026\/03\/IMG_3331-169x300.jpg 169w, https:\/\/www.tir-annonay.fr\/wp-content\/uploads\/2026\/03\/IMG_3331-576x1024.jpg 576w, https:\/\/www.tir-annonay.fr\/wp-content\/uploads\/2026\/03\/IMG_3331-768x1365.jpg 768w, https:\/\/www.tir-annonay.fr\/wp-content\/uploads\/2026\/03\/IMG_3331-864x1536.jpg 864w, https:\/\/www.tir-annonay.fr\/wp-content\/uploads\/2026\/03\/IMG_3331-1152x2048.jpg 1152w, https:\/\/www.tir-annonay.fr\/wp-content\/uploads\/2026\/03\/IMG_3331-1024x1820.jpg 1024w, https:\/\/www.tir-annonay.fr\/wp-content\/uploads\/2026\/03\/IMG_3331-608x1080.jpg 608w\" sizes=\"auto, (max-width: 1170px) 100vw, 1170px\" \/><\/figure>\n\n\n\n<figure class=\"wp-block-image size-large\"><img loading=\"lazy\" decoding=\"async\" width=\"1024\" height=\"869\" src=\"https:\/\/www.tir-annonay.fr\/wp-content\/uploads\/2026\/03\/Martin_Benoit_Teodor-scaled-e1772657446767-1024x869.jpg\" alt=\"\" class=\"wp-image-1819\" srcset=\"https:\/\/www.tir-annonay.fr\/wp-content\/uploads\/2026\/03\/Martin_Benoit_Teodor-scaled-e1772657446767-1024x869.jpg 1024w, https:\/\/www.tir-annonay.fr\/wp-content\/uploads\/2026\/03\/Martin_Benoit_Teodor-scaled-e1772657446767-300x255.jpg 300w, https:\/\/www.tir-annonay.fr\/wp-content\/uploads\/2026\/03\/Martin_Benoit_Teodor-scaled-e1772657446767-768x652.jpg 768w, https:\/\/www.tir-annonay.fr\/wp-content\/uploads\/2026\/03\/Martin_Benoit_Teodor-scaled-e1772657446767-1536x1303.jpg 1536w, https:\/\/www.tir-annonay.fr\/wp-content\/uploads\/2026\/03\/Martin_Benoit_Teodor-scaled-e1772657446767-1273x1080.jpg 1273w, https:\/\/www.tir-annonay.fr\/wp-content\/uploads\/2026\/03\/Martin_Benoit_Teodor-scaled-e1772657446767.jpg 1690w\" sizes=\"auto, (max-width: 1024px) 100vw, 1024px\" \/><\/figure>\n","protected":false},"excerpt":{"rendered":"<p>Championnat d\u00e9partemental Le&nbsp;Club de Tir d\u2019Annonay&nbsp;s\u2019est particuli\u00e8rement illustr\u00e9 ce samedi lors du championnat d\u00e9partemental de tir \u00e0 air comprim\u00e9 de l\u2019\u00c9cole de tir, organis\u00e9 \u00e0 Lamastre par le Tir Sportif du Haut-Vivarais. Les jeunes comp\u00e9titeurs ont port\u00e9 haut les couleurs du club annon\u00e9en en r\u00e9alisant une moisson remarquable de podiums. Trois \u00e9l\u00e8ves \u00e9taient engag\u00e9s dans&hellip; <br \/> <a class=\"read-more\" href=\"https:\/\/www.tir-annonay.fr\/?p=1818\">Lire la suite<\/a><\/p>\n","protected":false},"author":3,"featured_media":1821,"comment_status":"closed","ping_status":"closed","sticky":false,"template":"","format":"standard","meta":{"footnotes":""},"categories":[16],"tags":[],"class_list":["post-1818","post","type-post","status-publish","format-standard","has-post-thumbnail","hentry","category-competition"],"aioseo_notices":[],"_links":{"self":[{"href":"https:\/\/www.tir-annonay.fr\/index.php?rest_route=\/wp\/v2\/posts\/1818","targetHints":{"allow":["GET"]}}],"collection":[{"href":"https:\/\/www.tir-annonay.fr\/index.php?rest_route=\/wp\/v2\/posts"}],"about":[{"href":"https:\/\/www.tir-annonay.fr\/index.php?rest_route=\/wp\/v2\/types\/post"}],"author":[{"embeddable":true,"href":"https:\/\/www.tir-annonay.fr\/index.php?rest_route=\/wp\/v2\/users\/3"}],"replies":[{"embeddable":true,"href":"https:\/\/www.tir-annonay.fr\/index.php?rest_route=%2Fwp%2Fv2%2Fcomments&post=1818"}],"version-history":[{"count":11,"href":"https:\/\/www.tir-annonay.fr\/index.php?rest_route=\/wp\/v2\/posts\/1818\/revisions"}],"predecessor-version":[{"id":1841,"href":"https:\/\/www.tir-annonay.fr\/index.php?rest_route=\/wp\/v2\/posts\/1818\/revisions\/1841"}],"wp:featuredmedia":[{"embeddable":true,"href":"https:\/\/www.tir-annonay.fr\/index.php?rest_route=\/wp\/v2\/media\/1821"}],"wp:attachment":[{"href":"https:\/\/www.tir-annonay.fr\/index.php?rest_route=%2Fwp%2Fv2%2Fmedia&parent=1818"}],"wp:term":[{"taxonomy":"category","embeddable":true,"href":"https:\/\/www.tir-annonay.fr\/index.php?rest_route=%2Fwp%2Fv2%2Fcategories&post=1818"},{"taxonomy":"post_tag","embeddable":true,"href":"https:\/\/www.tir-annonay.fr\/index.php?rest_route=%2Fwp%2Fv2%2Ftags&post=1818"}],"curies":[{"name":"wp","href":"https:\/\/api.w.org\/{rel}","templated":true}]}}