{"id":1129,"date":"2023-06-11T12:49:13","date_gmt":"2023-06-11T12:49:13","guid":{"rendered":"https:\/\/tir-annonay.fr\/?p=1129"},"modified":"2023-06-11T19:40:46","modified_gmt":"2023-06-11T19:40:46","slug":"2-titres-de-champions-de-france","status":"publish","type":"post","link":"https:\/\/www.tir-annonay.fr\/?p=1129","title":{"rendered":"2 titres de Champions de France!"},"content":{"rendered":"\n<p class=\"has-black-color has-text-color\">Cette semaine s&rsquo;est d\u00e9roul\u00e9 le Championnat de France Armes Anciennes au superbe stand national du CNTS \u00e0 Ch\u00e2teauroux, o\u00f9 auront lieu le championnat d&rsquo;Europe en ao\u00fbt et les Jeux Olympiques l&rsquo;an prochain.<\/p>\n\n\n\n<p class=\"has-black-color has-text-color\">11 tireurs se sont qualifi\u00e9s pour cette derni\u00e8re \u00e9tape \u00e0 l&rsquo;issue du tour r\u00e9gional du mois dernier, 9 ont pu y participer: J\u00e9r\u00f4me ALLOUAT, Jean-Louis ASTIC-MAZET, Laurent BATLOGG, Michel COLLEAUX, Robert GARNIER, C\u00e9dric GRANGE, Laurent MARIN, Jean-Luc NICOT, St\u00e9phane RIGNOL.<\/p>\n\n\n\n<figure class=\"wp-block-image size-large\"><img loading=\"lazy\" decoding=\"async\" width=\"1024\" height=\"954\" src=\"https:\/\/www.tir-annonay.fr\/wp-content\/uploads\/2023\/06\/Groupe-1024x954.jpg\" alt=\"\" class=\"wp-image-1155\" srcset=\"https:\/\/www.tir-annonay.fr\/wp-content\/uploads\/2023\/06\/Groupe-1024x954.jpg 1024w, https:\/\/www.tir-annonay.fr\/wp-content\/uploads\/2023\/06\/Groupe-300x280.jpg 300w, https:\/\/www.tir-annonay.fr\/wp-content\/uploads\/2023\/06\/Groupe-768x716.jpg 768w, https:\/\/www.tir-annonay.fr\/wp-content\/uploads\/2023\/06\/Groupe-1159x1080.jpg 1159w, https:\/\/www.tir-annonay.fr\/wp-content\/uploads\/2023\/06\/Groupe.jpg 1496w\" sizes=\"auto, (max-width: 1024px) 100vw, 1024px\" \/><\/figure>\n\n\n\n<figure class=\"wp-block-image size-large\"><img loading=\"lazy\" decoding=\"async\" width=\"1024\" height=\"820\" src=\"https:\/\/www.tir-annonay.fr\/wp-content\/uploads\/2023\/06\/IMG-20230610-WA0003_ret-1024x820.jpg\" alt=\"\" class=\"wp-image-1134\" srcset=\"https:\/\/www.tir-annonay.fr\/wp-content\/uploads\/2023\/06\/IMG-20230610-WA0003_ret-1024x820.jpg 1024w, https:\/\/www.tir-annonay.fr\/wp-content\/uploads\/2023\/06\/IMG-20230610-WA0003_ret-300x240.jpg 300w, https:\/\/www.tir-annonay.fr\/wp-content\/uploads\/2023\/06\/IMG-20230610-WA0003_ret-768x615.jpg 768w, https:\/\/www.tir-annonay.fr\/wp-content\/uploads\/2023\/06\/IMG-20230610-WA0003_ret-1536x1229.jpg 1536w, https:\/\/www.tir-annonay.fr\/wp-content\/uploads\/2023\/06\/IMG-20230610-WA0003_ret-1349x1080.jpg 1349w, https:\/\/www.tir-annonay.fr\/wp-content\/uploads\/2023\/06\/IMG-20230610-WA0003_ret.jpg 1563w\" sizes=\"auto, (max-width: 1024px) 100vw, 1024px\" \/><\/figure>\n\n\n\n<p class=\"has-black-color has-text-color\">Cela donne un total de <strong>37 tirs<\/strong> effectu\u00e9s et pas moins de <strong>9 \u00e9quipes<\/strong> engag\u00e9es pour notre Club. <\/p>\n\n\n\n<p class=\"has-black-color has-text-color\">Non seulement le <em>Club de Tir d&rsquo;Annonay<\/em> a \u00e9t\u00e9 le plus repr\u00e9sent\u00e9 de toute la France, mais nous avons \u00e9t\u00e9 appel\u00e9 <strong>6<\/strong> fois \u00e0 monter sur le prestigieux podium:<\/p>\n\n\n\n<p class=\"has-black-color has-text-color\"><strong>CHAMPIONS DE FRANCE:<\/strong><\/p>\n\n\n\n<p class=\"has-black-color has-text-color\">Tanegashima Individuel <em>(Arquebuse \u00e0 m\u00e8che)<\/em>: <strong>Jean-Luc NICOT<\/strong><\/p>\n\n\n\n<figure class=\"wp-block-image size-full is-resized\"><img loading=\"lazy\" decoding=\"async\" src=\"https:\/\/www.tir-annonay.fr\/wp-content\/uploads\/2023\/06\/CDF-Tane.jpg\" alt=\"\" class=\"wp-image-1135\" width=\"228\" height=\"311\" srcset=\"https:\/\/www.tir-annonay.fr\/wp-content\/uploads\/2023\/06\/CDF-Tane.jpg 730w, https:\/\/www.tir-annonay.fr\/wp-content\/uploads\/2023\/06\/CDF-Tane-220x300.jpg 220w\" sizes=\"auto, (max-width: 228px) 100vw, 228px\" \/><\/figure>\n\n\n\n<p class=\"has-black-color has-text-color\">Kuchenreuter par \u00e9quipe <em>(Pistolet \u00e0 percussion)<\/em>: <strong>J\u00e9r\u00f4me ALLOUAT, Jean-Louis ASTIC-MAZET, C\u00e9dric GRANGE<\/strong><\/p>\n\n\n\n<figure class=\"wp-block-image size-large is-resized\"><img loading=\"lazy\" decoding=\"async\" src=\"https:\/\/www.tir-annonay.fr\/wp-content\/uploads\/2023\/06\/1er-Kuch-equ-655x1024.jpg\" alt=\"\" class=\"wp-image-1136\" width=\"408\" height=\"638\" srcset=\"https:\/\/www.tir-annonay.fr\/wp-content\/uploads\/2023\/06\/1er-Kuch-equ-655x1024.jpg 655w, https:\/\/www.tir-annonay.fr\/wp-content\/uploads\/2023\/06\/1er-Kuch-equ-192x300.jpg 192w, https:\/\/www.tir-annonay.fr\/wp-content\/uploads\/2023\/06\/1er-Kuch-equ-768x1200.jpg 768w, https:\/\/www.tir-annonay.fr\/wp-content\/uploads\/2023\/06\/1er-Kuch-equ-691x1080.jpg 691w, https:\/\/www.tir-annonay.fr\/wp-content\/uploads\/2023\/06\/1er-Kuch-equ.jpg 901w\" sizes=\"auto, (max-width: 408px) 100vw, 408px\" \/><\/figure>\n\n\n\n<p class=\"has-black-color has-text-color\"><strong>Vice-Champions de France:<\/strong><\/p>\n\n\n\n<p class=\"has-black-color has-text-color\">Tanzutsu Individuel <em>(Pistolet \u00e0 m\u00e8che)<\/em>: Jean-Louis ASTIC-MAZET<\/p>\n\n\n\n<p class=\"has-black-color has-text-color\">Pennsylvania par \u00e9quipe <em>(Carabine \u00e0 silex)<\/em>: J\u00e9r\u00f4me ALLOUAT, Jean-Louis ASTIC-MAZET, Laurent MARIN<\/p>\n\n\n\n<figure class=\"wp-block-image size-large is-resized\"><img loading=\"lazy\" decoding=\"async\" src=\"https:\/\/www.tir-annonay.fr\/wp-content\/uploads\/2023\/06\/2eme-Penn-equ-1024x690.jpg\" alt=\"\" class=\"wp-image-1137\" width=\"691\" height=\"466\" srcset=\"https:\/\/www.tir-annonay.fr\/wp-content\/uploads\/2023\/06\/2eme-Penn-equ-1024x690.jpg 1024w, https:\/\/www.tir-annonay.fr\/wp-content\/uploads\/2023\/06\/2eme-Penn-equ-300x202.jpg 300w, https:\/\/www.tir-annonay.fr\/wp-content\/uploads\/2023\/06\/2eme-Penn-equ-768x517.jpg 768w, https:\/\/www.tir-annonay.fr\/wp-content\/uploads\/2023\/06\/2eme-Penn-equ-1536x1034.jpg 1536w, https:\/\/www.tir-annonay.fr\/wp-content\/uploads\/2023\/06\/2eme-Penn-equ-2048x1379.jpg 2048w, https:\/\/www.tir-annonay.fr\/wp-content\/uploads\/2023\/06\/2eme-Penn-equ-1604x1080.jpg 1604w\" sizes=\"auto, (max-width: 691px) 100vw, 691px\" \/><\/figure>\n\n\n\n<figure class=\"wp-block-image size-large is-resized\"><img loading=\"lazy\" decoding=\"async\" src=\"https:\/\/www.tir-annonay.fr\/wp-content\/uploads\/2023\/06\/25m_CG-1024x346.jpg\" alt=\"\" class=\"wp-image-1154\" width=\"693\" height=\"233\" srcset=\"https:\/\/www.tir-annonay.fr\/wp-content\/uploads\/2023\/06\/25m_CG-1024x346.jpg 1024w, https:\/\/www.tir-annonay.fr\/wp-content\/uploads\/2023\/06\/25m_CG-300x101.jpg 300w, https:\/\/www.tir-annonay.fr\/wp-content\/uploads\/2023\/06\/25m_CG-2048x693.jpg 2048w, https:\/\/www.tir-annonay.fr\/wp-content\/uploads\/2023\/06\/25m_CG-1920x649.jpg 1920w\" sizes=\"auto, (max-width: 693px) 100vw, 693px\" \/><\/figure>\n\n\n\n<p class=\"has-black-color has-text-color\"><strong>M\u00e9dailles de Bronze:<\/strong><\/p>\n\n\n\n<p class=\"has-black-color has-text-color\">Lamarmora individuel <em>(Fusil r\u00e8glementaire \u00e0 percussion)<\/em>: Jean-Louis ASTIC-MAZET<\/p>\n\n\n\n<p class=\"has-black-color has-text-color\">Lamarmora par \u00e9quipe: J\u00e9r\u00f4me ALLOUAT, Jean-Louis ASTIC-MAZET, Laurent MARIN<\/p>\n\n\n\n<p class=\"has-black-color has-text-color has-medium-font-size\"><strong>F\u00e9licitations aux Champions de France, et bravo aux tireurs, m\u00e9daill\u00e9s ou non, pour leur parcours jusqu&rsquo;ici, qui a permis \u00e0 notre Club ard\u00e9chois de briller cette ann\u00e9e encore !<\/strong><\/p>\n\n\n\n<pre class=\"wp-block-verse\"><strong><em>R\u00e9sultats individuels (score\/place):<\/em><\/strong>\n<em>J\u00e9r\u00f4me Allouat<\/em>: Kuchenreuter 95\/4\u00e8me, Vetterli 94\/9\u00e8me, Lamarmora 91\/10\u00e8me, Pennsylvania 89\/14\u00e8me\n<em><strong>Jean-Louis ASTIC-MAZET<\/strong><\/em>: Tanzustu 93\/<strong>2\u00e8me<\/strong>, Lamarmora 93\/<strong>3\u00e8me<\/strong>, Mariette 92\/11\u00e8me, Pennsylvania 89\/16\u00e8me, Cominazzo 93\/20\u00e8me, Kuchenreuter 89\/39\u00e8me\n<em>Laurent Batlogg<\/em>: Mariette 85\/67\u00e8me, Malson 55\/70\u00e8me\n<em>Michel Colleaux<\/em>: Miquelet 82\/15\u00e8me, Hizada\u00ef 80\/22\u00e8me, Tanzutsu 60\/69\u00e8me\n<em>Robert Garnier<\/em>: Tanegashima 86\/16\u00e8me, Hizada\u00ef 85\/17\u00e8me, Pennsylvania 85\/25\u00e8me, Miquelet 72\/30\u00e8me\n<em>C\u00e9dric Grange<\/em>: Miquelet 90\/4\u00e8me<strong>,<\/strong> Pennsylvania 91\/11\u00e8me, Vetterli 92\/15\u00e8me, Kuchenreuter 90\/29\u00e8me, Cominazzo 81\/30\u00e8me, Tanzutsu 80\/39\u00e8me, Malson 70\/39\u00e8me, Mariette 87\/50\u00e8me\n<em>Laurent Marin<\/em>: Miquelet 75\/21\u00e8me, Lamarmora 88\/22\u00e8me, Hizada\u00ef 56\/25\u00e8me, Pennsylvania 84\/28\u00e8me, Tanegashima 72\/30\u00e8me, Vetterli 88\/37\u00e8me, Cominazzo 70\/60\u00e8me\n<em><strong>Jean-Luc Nicot<\/strong><\/em>: Tanegashima 90\/<strong>1er<\/strong>, Hizada\u00ef 77\/7\u00e8me\n<em>St\u00e9phane Rignol<\/em>: Cominazzo 68\/64\u00e8me\n\n<strong><em>Equipes:<\/em><\/strong>\n<strong>Kuchenreuter <\/strong><em>(J\u00e9r\u00f4me ALLOUAT, Jean-Louis ASTIC-MAZET, C\u00e9dric GRANGE)<\/em>: <strong>1\u00e8re<\/strong>\n<strong>Pennsylvania <\/strong><em>(J\u00e9r\u00f4me ALLOUAT, Jean-Louis ASTIC-MAZET, <\/em>Laurent MARIN<em>)<\/em>: <strong>2\u00e8me<\/strong>\n<strong>Lamarmora <\/strong><em>(J\u00e9r\u00f4me ALLOUAT, Jean-Louis ASTIC-MAZET, <\/em>Laurent MARIN<em>)<\/em>: <strong>3\u00e8me<\/strong>\nTanzutsu <em>(Jean-Louis ASTIC-MAZET, Michel COLLEAUX, C\u00e9dric GRANGE)<\/em>: 4\u00e8me\nTanegashima <em>(Robert GARNIER, Laurent MARIN, Jean-Luc NICOT)<\/em>: 4\u00e8me\nPeterlongo (Mariette) <em>(Jean-Louis ASTIC-MAZET, Laurent BATLOGG, C\u00e9dric GRANGE)<\/em>: 5\u00e8me\nCominazzo <em>(Jean-Louis ASTIC-MAZET, C\u00e9dric GRANGE, Laurent MARIN)<\/em>: 5\u00e8me\nVetterli <em>(J\u00e9r\u00f4me ALLOUAT, C\u00e9dric GRANGE, Laurent MARIN)<\/em>: 6\u00e8me\nMiquelet <em>(Michel COLLEAUX, C\u00e9dric GRANGE, Laurent MARIN)<\/em>: 7\u00e8me\n\n<\/pre>\n","protected":false},"excerpt":{"rendered":"<p>Cette semaine s&rsquo;est d\u00e9roul\u00e9 le Championnat de France Armes Anciennes au superbe stand national du CNTS \u00e0 Ch\u00e2teauroux, o\u00f9 auront lieu le championnat d&rsquo;Europe en ao\u00fbt et les Jeux Olympiques l&rsquo;an prochain. 11 tireurs se sont qualifi\u00e9s pour cette derni\u00e8re \u00e9tape \u00e0 l&rsquo;issue du tour r\u00e9gional du mois dernier, 9 ont pu y participer: J\u00e9r\u00f4me&hellip; <br \/> <a class=\"read-more\" href=\"https:\/\/www.tir-annonay.fr\/?p=1129\">Lire la suite<\/a><\/p>\n","protected":false},"author":3,"featured_media":1140,"comment_status":"closed","ping_status":"closed","sticky":false,"template":"","format":"standard","meta":{"footnotes":""},"categories":[16],"tags":[],"class_list":["post-1129","post","type-post","status-publish","format-standard","has-post-thumbnail","hentry","category-competition"],"aioseo_notices":[],"_links":{"self":[{"href":"https:\/\/www.tir-annonay.fr\/index.php?rest_route=\/wp\/v2\/posts\/1129","targetHints":{"allow":["GET"]}}],"collection":[{"href":"https:\/\/www.tir-annonay.fr\/index.php?rest_route=\/wp\/v2\/posts"}],"about":[{"href":"https:\/\/www.tir-annonay.fr\/index.php?rest_route=\/wp\/v2\/types\/post"}],"author":[{"embeddable":true,"href":"https:\/\/www.tir-annonay.fr\/index.php?rest_route=\/wp\/v2\/users\/3"}],"replies":[{"embeddable":true,"href":"https:\/\/www.tir-annonay.fr\/index.php?rest_route=%2Fwp%2Fv2%2Fcomments&post=1129"}],"version-history":[{"count":12,"href":"https:\/\/www.tir-annonay.fr\/index.php?rest_route=\/wp\/v2\/posts\/1129\/revisions"}],"predecessor-version":[{"id":1159,"href":"https:\/\/www.tir-annonay.fr\/index.php?rest_route=\/wp\/v2\/posts\/1129\/revisions\/1159"}],"wp:featuredmedia":[{"embeddable":true,"href":"https:\/\/www.tir-annonay.fr\/index.php?rest_route=\/wp\/v2\/media\/1140"}],"wp:attachment":[{"href":"https:\/\/www.tir-annonay.fr\/index.php?rest_route=%2Fwp%2Fv2%2Fmedia&parent=1129"}],"wp:term":[{"taxonomy":"category","embeddable":true,"href":"https:\/\/www.tir-annonay.fr\/index.php?rest_route=%2Fwp%2Fv2%2Fcategories&post=1129"},{"taxonomy":"post_tag","embeddable":true,"href":"https:\/\/www.tir-annonay.fr\/index.php?rest_route=%2Fwp%2Fv2%2Ftags&post=1129"}],"curies":[{"name":"wp","href":"https:\/\/api.w.org\/{rel}","templated":true}]}}